{"id":646,"date":"2025-12-15T18:20:58","date_gmt":"2025-12-15T18:20:58","guid":{"rendered":"https:\/\/fuurball.ch\/?p=646"},"modified":"2025-12-22T18:39:27","modified_gmt":"2025-12-22T18:39:27","slug":"kifasi-obfelden-2026","status":"publish","type":"post","link":"https:\/\/fuurball.ch\/?p=646","title":{"rendered":"KiFasi Obfelden &#8211; 2026"},"content":{"rendered":"<p>Motto: Sun, Fun und Luftmatratze<\/p>\n<p>Kinderanimation im Singsaal Chilefeld<\/p>\n<p><a href=\"https:\/\/fuurball.ch\/wp-content\/uploads\/2025\/12\/KiFasi_2026v.png\"><img loading=\"lazy\" decoding=\"async\" class=\"alignnone size-medium wp-image-654\" src=\"https:\/\/fuurball.ch\/wp-content\/uploads\/2025\/12\/KiFasi_2026v-212x300.png\" alt=\"\" width=\"212\" height=\"300\" srcset=\"https:\/\/fuurball.ch\/wp-content\/uploads\/2025\/12\/KiFasi_2026v-212x300.png 212w, https:\/\/fuurball.ch\/wp-content\/uploads\/2025\/12\/KiFasi_2026v-725x1024.png 725w, https:\/\/fuurball.ch\/wp-content\/uploads\/2025\/12\/KiFasi_2026v-768x1085.png 768w, https:\/\/fuurball.ch\/wp-content\/uploads\/2025\/12\/KiFasi_2026v.png 906w\" sizes=\"auto, (max-width: 212px) 100vw, 212px\" \/> <\/a><a href=\"https:\/\/fuurball.ch\/wp-content\/uploads\/2025\/12\/KiFasi_2026r.png\"><img loading=\"lazy\" decoding=\"async\" class=\"alignnone size-medium wp-image-653\" src=\"https:\/\/fuurball.ch\/wp-content\/uploads\/2025\/12\/KiFasi_2026r-212x300.png\" alt=\"\" width=\"212\" height=\"300\" srcset=\"https:\/\/fuurball.ch\/wp-content\/uploads\/2025\/12\/KiFasi_2026r-212x300.png 212w, https:\/\/fuurball.ch\/wp-content\/uploads\/2025\/12\/KiFasi_2026r-725x1024.png 725w, https:\/\/fuurball.ch\/wp-content\/uploads\/2025\/12\/KiFasi_2026r-768x1085.png 768w, https:\/\/fuurball.ch\/wp-content\/uploads\/2025\/12\/KiFasi_2026r.png 906w\" sizes=\"auto, (max-width: 212px) 100vw, 212px\" \/><\/a><\/p>\n<p>Am Nachmittag startet die Fasnacht in Obfelden mit dem Kinderumzug um 13:30 Uhr durchs Dorf. Start ist hinter der Dorfm\u00e4rt an der Sentmattstrasse. Alle d\u00fcrfen mitmachen! Zwei Guggen (S\u00e4uligugger Affoltern und Vollgash\u00f6ckler Hedingen) und die Ratlose-Clique begleiten denn Fasi-Umzug. Nachher ist Kinderparty mit Animation im Singsaal Chilefeld. Die 2 Guggen unterhalten noch zus\u00e4tzlich. Um 17 Uhr ist dann die Pr\u00e4mierung der Gruppen- bzw. Einzelmasken. Motto der KiFasi \u201e<strong>Sun, Fun und Luftmatratze<\/strong>\u201e<\/p>\n","protected":false},"excerpt":{"rendered":"<p>Motto: Sun, Fun und Luftmatratze Kinderanimation im Singsaal Chilefeld Am Nachmittag startet die Fasnacht in Obfelden mit dem Kinderumzug um 13:30 Uhr durchs Dorf. Start ist hinter der Dorfm\u00e4rt an der Sentmattstrasse. Alle d\u00fcrfen&#46;&#46;&#46;<\/p>\n","protected":false},"author":1,"featured_media":0,"comment_status":"closed","ping_status":"closed","sticky":false,"template":"","format":"standard","meta":{"footnotes":""},"categories":[2],"tags":[],"class_list":["post-646","post","type-post","status-publish","format-standard","hentry","category-aktuell"],"_links":{"self":[{"href":"https:\/\/fuurball.ch\/index.php?rest_route=\/wp\/v2\/posts\/646","targetHints":{"allow":["GET"]}}],"collection":[{"href":"https:\/\/fuurball.ch\/index.php?rest_route=\/wp\/v2\/posts"}],"about":[{"href":"https:\/\/fuurball.ch\/index.php?rest_route=\/wp\/v2\/types\/post"}],"author":[{"embeddable":true,"href":"https:\/\/fuurball.ch\/index.php?rest_route=\/wp\/v2\/users\/1"}],"replies":[{"embeddable":true,"href":"https:\/\/fuurball.ch\/index.php?rest_route=%2Fwp%2Fv2%2Fcomments&post=646"}],"version-history":[{"count":3,"href":"https:\/\/fuurball.ch\/index.php?rest_route=\/wp\/v2\/posts\/646\/revisions"}],"predecessor-version":[{"id":656,"href":"https:\/\/fuurball.ch\/index.php?rest_route=\/wp\/v2\/posts\/646\/revisions\/656"}],"wp:attachment":[{"href":"https:\/\/fuurball.ch\/index.php?rest_route=%2Fwp%2Fv2%2Fmedia&parent=646"}],"wp:term":[{"taxonomy":"category","embeddable":true,"href":"https:\/\/fuurball.ch\/index.php?rest_route=%2Fwp%2Fv2%2Fcategories&post=646"},{"taxonomy":"post_tag","embeddable":true,"href":"https:\/\/fuurball.ch\/index.php?rest_route=%2Fwp%2Fv2%2Ftags&post=646"}],"curies":[{"name":"wp","href":"https:\/\/api.w.org\/{rel}","templated":true}]}}