{"id":636,"date":"2025-12-15T17:50:57","date_gmt":"2025-12-15T17:50:57","guid":{"rendered":"https:\/\/fuurball.ch\/?p=636"},"modified":"2025-12-15T17:51:06","modified_gmt":"2025-12-15T17:51:06","slug":"fueuerball-kifasi-2025","status":"publish","type":"post","link":"https:\/\/fuurball.ch\/?p=636","title":{"rendered":"F\u00fc\u00fcrball + KiFasi 2025"},"content":{"rendered":"<p><strong>F\u00fc\u00fcrball 2025<\/strong> Tranditionell startet im S\u00e4uliamt die Fasnachtssaison mit dem F\u00fc\u00fcrball in Obfelden. Der F\u00fc\u00fcrball 2025 fand am 25. Januar 2025 im Singsaal Chilefeld Obfelden statt. Drei Guggenmusiken aus der Region heizten der Stimmung noch zus\u00e4tzlich ein. Im grossen Saal ist die Saalbar inkl. einer C\u00fcpli-Bar und Kafi-Egge, im Aussenbereich das Party-Zelt mit Bar, die Shotbar und der Grillstand. Also nichts wie hin am Samstag zum F\u00fc\u00fcrball nach Obfelden!<\/p>\r\n<ul>\r\n<li><strong>Berichte im <a href=\"https:\/\/www.affolteranzeiger.ch\/aktuell\/bezirk-affoltern\/artikelseite-bezirk-affoltern\/astronauten-aliens-und-raketen\" target=\"_blank\" rel=\"noopener\">Anzeiger<\/a> und auf obfelden.info <a href=\"https:\/\/www.obfelden.info\/kinderfasnacht-2025-farbenfroher-umzug-durch-obfelden\/\" target=\"_blank\" rel=\"noopener\">KiFasi<\/a> \/ <a href=\"https:\/\/www.obfelden.info\/stimmungsvoller-fasnachts-auftakt-mit-dem-fueuerball-in-obfelden\/\" target=\"_blank\" rel=\"noopener\">F\u00fc\u00fcrball<\/a><\/strong><\/li>\r\n<li>N\u00e4chster F\u00fc\u00fcrball: Samstag 25. Januar 2025 im Chilefeld Obfelden siehe auch <a href=\"https:\/\/fuurball.ch\/?page_id=36\">Infoseite<\/a><\/li>\r\n<li><strong>Am Nachmittag ist die Kinderfasnacht Obfelden &#8211; <a href=\"https:\/\/fuurball.ch\/?p=605\">KiFasi 2025<\/a> <\/strong>Umzug durchs Dorf, Start 14:00 Uhr hinter Dorfm\u00e4rt. danach Party mit Kinder-Animation im Singsaal Chilefeld.<\/li>\r\n<\/ul>\r\n<h3 class=\"wp-block-heading\"><\/h3>\r\n<figure data-wp-context=\"{&quot;imageId&quot;:&quot;69f7550fc08d0&quot;}\" data-wp-interactive=\"core\/image\" data-wp-key=\"69f7550fc08d0\" class=\"wp-block-image size-medium wp-lightbox-container\"><a href=\"https:\/\/fuurball.ch\/wp-content\/uploads\/2024\/11\/2025-flyer.png\"><img loading=\"lazy\" decoding=\"async\" data-wp-class--hide=\"state.isContentHidden\" data-wp-class--show=\"state.isContentVisible\" data-wp-init=\"callbacks.setButtonStyles\" data-wp-on--click=\"actions.showLightbox\" data-wp-on--load=\"callbacks.setButtonStyles\" data-wp-on-window--resize=\"callbacks.setButtonStyles\" class=\"alignnone size-medium wp-image-599\" src=\"https:\/\/fuurball.ch\/wp-content\/uploads\/2024\/11\/2025-flyer-252x300.png\" alt=\"\" width=\"252\" height=\"300\" srcset=\"https:\/\/fuurball.ch\/wp-content\/uploads\/2024\/11\/2025-flyer-252x300.png 252w, https:\/\/fuurball.ch\/wp-content\/uploads\/2024\/11\/2025-flyer-859x1024.png 859w, https:\/\/fuurball.ch\/wp-content\/uploads\/2024\/11\/2025-flyer-768x916.png 768w, https:\/\/fuurball.ch\/wp-content\/uploads\/2024\/11\/2025-flyer-1288x1536.png 1288w, https:\/\/fuurball.ch\/wp-content\/uploads\/2024\/11\/2025-flyer-1717x2048.png 1717w\" sizes=\"auto, (max-width: 252px) 100vw, 252px\" \/><button\n\t\t\tclass=\"lightbox-trigger\"\n\t\t\ttype=\"button\"\n\t\t\taria-haspopup=\"dialog\"\n\t\t\taria-label=\"Vergr\u00f6\u00dfern\"\n\t\t\tdata-wp-init=\"callbacks.initTriggerButton\"\n\t\t\tdata-wp-on--click=\"actions.showLightbox\"\n\t\t\tdata-wp-style--right=\"state.imageButtonRight\"\n\t\t\tdata-wp-style--top=\"state.imageButtonTop\"\n\t\t>\n\t\t\t<svg xmlns=\"http:\/\/www.w3.org\/2000\/svg\" width=\"12\" height=\"12\" fill=\"none\" viewBox=\"0 0 12 12\">\n\t\t\t\t<path fill=\"#fff\" d=\"M2 0a2 2 0 0 0-2 2v2h1.5V2a.5.5 0 0 1 .5-.5h2V0H2Zm2 10.5H2a.5.5 0 0 1-.5-.5V8H0v2a2 2 0 0 0 2 2h2v-1.5ZM8 12v-1.5h2a.5.5 0 0 0 .5-.5V8H12v2a2 2 0 0 1-2 2H8Zm2-12a2 2 0 0 1 2 2v2h-1.5V2a.5.5 0 0 0-.5-.5H8V0h2Z\" \/>\n\t\t\t<\/svg>\n\t\t<\/button><\/a><\/figure>\r\n<h3 class=\"wp-block-heading\">F\u00fc\u00fcrball Obfelden: 25. Januar 2025<\/h3>\r\n\r\n\r\n\r\n<p><strong>Endlich wieder ein F\u00fc\u00fcrball in Obfelden<\/strong>.<\/p>\r\n\r\n\r\n\r\n<ul class=\"wp-block-list\">\r\n<li>Berichte auf obfelden.info <a href=\"https:\/\/www.obfelden.info\/kinderfasnacht-2025-farbenfroher-umzug-durch-obfelden\/\" target=\"_blank\" rel=\"noopener\">KiFasi<\/a> \/ <a href=\"https:\/\/www.affolteranzeiger.ch\/aktuell\/bezirk-affoltern\/artikelseite-bezirk-affoltern\/astronauten-aliens-und-raketen\" target=\"_blank\" rel=\"noopener\">F\u00fc\u00fcrball<\/a><\/li>\r\n<li>Bericht im <a href=\"https:\/\/www.affolteranzeiger.ch\/aktuell\/bezirk-affoltern\/artikelseite-bezirk-affoltern\/astronauten-aliens-und-raketen\" target=\"_blank\" rel=\"noopener\">Anzeiger\u00a0<\/a><\/li>\r\n<li><strong>Vorbericht auf <a href=\"https:\/\/www.obfelden.info\/kinderfasnacht-und-fueuerball-bringen-die-naerrische-zeit-nach-obfelden\/\" target=\"_blank\" rel=\"noopener\">obfelden.info<\/a> <\/strong><\/li>\r\n<li>Am Nachmittag ist die <a href=\"https:\/\/fuurball.ch\/?p=605\">Kinderfasnacht<\/a> mit Umzug durchs Dorf.<\/li>\r\n\r\n\r\n\r\n<li>Singsaal Chilefeld Obfelden <strong>ALTI FASNACHT<\/strong> im Saal mit Sitzm\u00f6glichkeiten.<\/li>\r\n\r\n\r\n\r\n<li><strong>3 Guggen aus der Region<\/strong>\r\n<ul class=\"wp-block-list\">\r\n<li><a href=\"https:\/\/www.vollgashoeckler.ch\/\" target=\"_blank\" rel=\"noopener noreferrer\">Vollgash\u00f6ckler<\/a>, Hedingen<\/li>\r\n\r\n\r\n\r\n<li><a href=\"https:\/\/www.saeuligugger.ch\/\" target=\"_blank\" rel=\"noopener\">S\u00e4uligugger<\/a>, Affoltern am Albis<\/li>\r\n<li><a href=\"https:\/\/www.sumpfberghueueler.ch\/\" target=\"_blank\" rel=\"noopener\">Sumpfbergh\u00fc\u00fcler<\/a>, Rohrdorf<\/li>\r\n<\/ul>\r\n<\/li>\r\n<\/ul>\r\n\r\n\r\n","protected":false},"excerpt":{"rendered":"<p>F\u00fc\u00fcrball 2025 Tranditionell startet im S\u00e4uliamt die Fasnachtssaison mit dem F\u00fc\u00fcrball in Obfelden. Der F\u00fc\u00fcrball 2025 fand am 25. Januar 2025 im Singsaal Chilefeld Obfelden statt. Drei Guggenmusiken aus der Region heizten der Stimmung&#46;&#46;&#46;<\/p>\n","protected":false},"author":1,"featured_media":0,"comment_status":"closed","ping_status":"closed","sticky":false,"template":"","format":"standard","meta":{"footnotes":""},"categories":[3],"tags":[],"class_list":["post-636","post","type-post","status-publish","format-standard","hentry","category-archiv"],"_links":{"self":[{"href":"https:\/\/fuurball.ch\/index.php?rest_route=\/wp\/v2\/posts\/636","targetHints":{"allow":["GET"]}}],"collection":[{"href":"https:\/\/fuurball.ch\/index.php?rest_route=\/wp\/v2\/posts"}],"about":[{"href":"https:\/\/fuurball.ch\/index.php?rest_route=\/wp\/v2\/types\/post"}],"author":[{"embeddable":true,"href":"https:\/\/fuurball.ch\/index.php?rest_route=\/wp\/v2\/users\/1"}],"replies":[{"embeddable":true,"href":"https:\/\/fuurball.ch\/index.php?rest_route=%2Fwp%2Fv2%2Fcomments&post=636"}],"version-history":[{"count":2,"href":"https:\/\/fuurball.ch\/index.php?rest_route=\/wp\/v2\/posts\/636\/revisions"}],"predecessor-version":[{"id":638,"href":"https:\/\/fuurball.ch\/index.php?rest_route=\/wp\/v2\/posts\/636\/revisions\/638"}],"wp:attachment":[{"href":"https:\/\/fuurball.ch\/index.php?rest_route=%2Fwp%2Fv2%2Fmedia&parent=636"}],"wp:term":[{"taxonomy":"category","embeddable":true,"href":"https:\/\/fuurball.ch\/index.php?rest_route=%2Fwp%2Fv2%2Fcategories&post=636"},{"taxonomy":"post_tag","embeddable":true,"href":"https:\/\/fuurball.ch\/index.php?rest_route=%2Fwp%2Fv2%2Ftags&post=636"}],"curies":[{"name":"wp","href":"https:\/\/api.w.org\/{rel}","templated":true}]}}